{"id":12151,"date":"2026-03-30T01:26:34","date_gmt":"2026-03-30T01:26:34","guid":{"rendered":"https:\/\/cnecemali.com\/?p=12151"},"modified":"2026-03-30T01:26:34","modified_gmt":"2026-03-30T01:26:34","slug":"harmonisation-du-bac-dans-lespace-aes","status":"publish","type":"post","link":"https:\/\/cnecemali.com\/?p=12151","title":{"rendered":"HARMONISATION DU BAC DANS L&rsquo;ESPACE AES"},"content":{"rendered":"<p><strong>LE NIGER S&rsquo;INSPIRE DE L&rsquo;EXP\u00c9RIENCE\u00a0 MALIENNE<\/strong><\/p>\n<div class=\"x14z9mp xat24cr x1lziwak x1vvkbs xtlvy1s x126k92a\">\n<div dir=\"auto\">En vue de s&rsquo;inspirer de l&rsquo;exp\u00e9rience malienne, une d\u00e9l\u00e9gation Nig\u00e9rienne de haut niveau \u00e9tait au Mali cette semaine. Elle a \u00e9t\u00e9 re\u00e7ue par le ministre de l\u2019Education Nationale, Dr Amadou Sy SAVANE, le mardi 24 mars 2026.<\/div>\n<div dir=\"auto\">Cette d\u00e9l\u00e9gation \u00e9tait venue s\u2019inspirer de l\u2019exp\u00e9rience Malienne en mati\u00e8re d\u2019organisation du baccalaur\u00e9at. Pour le Pr Tidjani Alou Adamou Didier, PCA de l\u2019OBEECS (l\u2019Office du Baccalaur\u00e9at, des Equivalences et des Examens et Concours du Sup\u00e9rieur), cette mission va les permettre de faire des comparaisons qui vont aboutir \u00e0 des conclusions pour, davantage, cr\u00e9dibiliser le bac Nig\u00e9rien. Il a rappel\u00e9 que le bac Nig\u00e9rien se d\u00e9roule en deux phases, contrairement \u00e0 celui du Mali qui se d\u00e9roule en une seule phase.<\/div>\n<div dir=\"auto\">Pour le ministre de l\u2019Education nationale, Dr Amadou SY SAVANE, il s\u2019agit de travailler et faire en sorte que, dans les jours \u00e0 venir, nous puissions aller vers un bac harmonis\u00e9 au compte de l\u2019AES. Il a fait comprendre que cette d\u00e9marche est en cours afin de capitaliser toutes les exp\u00e9riences, pour avoir un bac cr\u00e9dible au niveau international.<\/div>\n<\/div>\n<div class=\"x14z9mp xat24cr x1lziwak x1vvkbs xtlvy1s x126k92a\">\n<div dir=\"auto\">Source : CELLULE DE COM MEN<\/div>\n<\/div>\n","protected":false},"excerpt":{"rendered":"<p>LE NIGER S&rsquo;INSPIRE DE L&rsquo;EXP\u00c9RIENCE\u00a0 MALIENNE En vue de s&rsquo;inspirer de l&rsquo;exp\u00e9rience malienne, une d\u00e9l\u00e9gation Nig\u00e9rienne de haut niveau \u00e9tait au Mali cette semaine. Elle a \u00e9t\u00e9 re\u00e7ue par le ministre de l\u2019Education Nationale, Dr Amadou Sy SAVANE, le mardi 24 mars 2026. Cette d\u00e9l\u00e9gation \u00e9tait venue s\u2019inspirer de l\u2019exp\u00e9rience Malienne en mati\u00e8re d\u2019organisation du<\/p>\n","protected":false},"author":1,"featured_media":0,"comment_status":"closed","ping_status":"closed","sticky":false,"template":"","format":"standard","meta":{"footnotes":""},"categories":[1],"tags":[],"class_list":["post-12151","post","type-post","status-publish","format-standard","hentry","category-non-classe"],"_links":{"self":[{"href":"https:\/\/cnecemali.com\/index.php?rest_route=\/wp\/v2\/posts\/12151"}],"collection":[{"href":"https:\/\/cnecemali.com\/index.php?rest_route=\/wp\/v2\/posts"}],"about":[{"href":"https:\/\/cnecemali.com\/index.php?rest_route=\/wp\/v2\/types\/post"}],"author":[{"embeddable":true,"href":"https:\/\/cnecemali.com\/index.php?rest_route=\/wp\/v2\/users\/1"}],"replies":[{"embeddable":true,"href":"https:\/\/cnecemali.com\/index.php?rest_route=%2Fwp%2Fv2%2Fcomments&post=12151"}],"version-history":[{"count":2,"href":"https:\/\/cnecemali.com\/index.php?rest_route=\/wp\/v2\/posts\/12151\/revisions"}],"predecessor-version":[{"id":12158,"href":"https:\/\/cnecemali.com\/index.php?rest_route=\/wp\/v2\/posts\/12151\/revisions\/12158"}],"wp:attachment":[{"href":"https:\/\/cnecemali.com\/index.php?rest_route=%2Fwp%2Fv2%2Fmedia&parent=12151"}],"wp:term":[{"taxonomy":"category","embeddable":true,"href":"https:\/\/cnecemali.com\/index.php?rest_route=%2Fwp%2Fv2%2Fcategories&post=12151"},{"taxonomy":"post_tag","embeddable":true,"href":"https:\/\/cnecemali.com\/index.php?rest_route=%2Fwp%2Fv2%2Ftags&post=12151"}],"curies":[{"name":"wp","href":"https:\/\/api.w.org\/{rel}","templated":true}]}}